{"id":2525,"date":"2021-08-24T10:18:20","date_gmt":"2021-08-24T08:18:20","guid":{"rendered":"https:\/\/www.agroinnovationlab.com\/?p=2525"},"modified":"2021-10-01T10:20:32","modified_gmt":"2021-10-01T08:20:32","slug":"ail-expertise-auch-international-gefragt","status":"publish","type":"post","link":"https:\/\/www.agroinnovationlab.com\/de\/ail-expertise-auch-international-gefragt\/","title":{"rendered":"AIL-Expertise auch international gefragt"},"content":{"rendered":"<div class=\"fusion-fullwidth fullwidth-box fusion-builder-row-1 nonhundred-percent-fullwidth non-hundred-percent-height-scrolling gradient-container-1\" style=\"--awb-border-radius-top-left:0px;--awb-border-radius-top-right:0px;--awb-border-radius-bottom-right:0px;--awb-border-radius-bottom-left:0px;--awb-flex-wrap:wrap;\" ><div class=\"fusion-builder-row fusion-row\"><div class=\"fusion-layout-column fusion_builder_column fusion-builder-column-0 fusion_builder_column_1_2 1_2 fusion-one-half fusion-column-first\" style=\"--awb-bg-size:cover;width:50%;width:calc(50% - ( ( 4% ) * 0.5 ) );margin-right: 4%;\"><div class=\"fusion-column-wrapper fusion-column-has-shadow fusion-flex-column-wrapper-legacy\"><div class=\"fusion-text fusion-text-1\"><p>Das f\u00fcnfj\u00e4hrige Bestehen des AIL und das damit einhergehende Renommee macht sich nicht nur durch mehr nationale politische Aufmerksamkeit bemerkbar. Auch aus dem internationalen Umfeld erreichen uns zahlreiche Anfragen zur Mitwirkung, diesmal aus Serbien und Luxemburg.<\/p>\n<\/div><div class=\"fusion-clearfix\"><\/div><\/div><\/div><div class=\"fusion-layout-column fusion_builder_column fusion-builder-column-1 fusion_builder_column_1_2 1_2 fusion-one-half fusion-column-last\" style=\"--awb-bg-size:cover;width:50%;width:calc(50% - ( ( 4% ) * 0.5 ) );\"><div class=\"fusion-column-wrapper fusion-column-has-shadow fusion-flex-column-wrapper-legacy\"><div class=\"fusion-image-element in-legacy-container\" style=\"--awb-caption-title-font-family:var(--h2_typography-font-family);--awb-caption-title-font-weight:var(--h2_typography-font-weight);--awb-caption-title-font-style:var(--h2_typography-font-style);--awb-caption-title-size:var(--h2_typography-font-size);--awb-caption-title-transform:var(--h2_typography-text-transform);--awb-caption-title-line-height:var(--h2_typography-line-height);--awb-caption-title-letter-spacing:var(--h2_typography-letter-spacing);\"><span class=\" fusion-imageframe imageframe-none imageframe-1 hover-type-none\"><img decoding=\"async\" width=\"300\" height=\"168\" title=\"Bild Luxemburg\" src=\"https:\/\/www.agroinnovationlab.com\/wp-content\/uploads\/2021\/10\/Bild-Luxemburg-300x168.jpg\" alt class=\"img-responsive wp-image-2526\"\/><\/span><\/div><div class=\"fusion-clearfix\"><\/div><\/div><\/div><div class=\"fusion-layout-column fusion_builder_column fusion-builder-column-2 fusion_builder_column_1_1 1_1 fusion-one-full fusion-column-first fusion-column-last\" style=\"--awb-bg-size:cover;\"><div class=\"fusion-column-wrapper fusion-column-has-shadow fusion-flex-column-wrapper-legacy\"><div class=\"fusion-text fusion-text-2\"><p>So war unsere Innovationsmanagerin Lena Ranneberg im Fr\u00fchjahr und Sommer in das gro\u00df angelegte ScaleUp 4 Europe StartUp-Programm der Wirtschaftskammer Serbien involviert. Neben der Aufgabe, als Jurorin vielversprechende StartUps aus ganz Osteuropa zu bewerten, brachte Lena den aufstrebenden Unternehmen auch den Markteinstieg in \u00d6sterreich n\u00e4her. Wir gratulieren unserem Partner Wirtschaftskammer Serbien zum tollen Erfolg des diesj\u00e4hrigen Programms. Besonders wertvoll war f\u00fcr das AIL auch hier wieder der internationale Austausch und das Kennenlernen einiger vielversprechender StartUps aus dem Bereich Online-Lebensmittel und Insektenproduktion.<\/p>\n<p>Des Weiteren erreichte uns eine herzliche Einladung des luxemburgischen Landwirtschaftsministers Romain Schneider, bei einem europ\u00e4ischen Austausch rund um Innovation Hubs dabei zu sein und auch \u00fcber die Aktivit\u00e4ten des AIL zu sprechen. Unsere Gesch\u00e4ftsf\u00fchrerin Claudia Mittermayr berichtete \u00fcber die Entstehungsgeschichte des AIL sowie die aktuellen Initiativen. Spannend war auch der Input eines Kollegen von Soil and More Impacts GmbH aus Deutschland, dessen Motivation es ist, den \u00dcbergang zu einem nachhaltigen Lebensmittelsystem zu unterst\u00fctzen. Wir w\u00fcnschen dem Ministerium in Luxemburg viel Erfolg und Freude bei der Umsetzung eines Innovation Hubs mit tollen spannenden Projekten f\u00fcr die Landwirtschaft.<\/p>\n<p><span style=\"background-color: rgba(255, 255, 255, 0); color: var(--body_typography-color); font-family: var(--body_typography-font-family); font-size: var(--body_typography-font-size); font-style: var(--body_typography-font-style,normal); font-weight: var(--body_typography-font-weight); letter-spacing: var(--body_typography-letter-spacing);\">\u00a0<\/span><\/p>\n<\/div><div class=\"fusion-clearfix\"><\/div><\/div><\/div><\/div><\/div>\n","protected":false},"excerpt":{"rendered":"","protected":false},"author":3,"featured_media":2526,"comment_status":"open","ping_status":"open","sticky":false,"template":"","format":"standard","meta":{"footnotes":""},"categories":[24],"tags":[],"class_list":["post-2525","post","type-post","status-publish","format-standard","has-post-thumbnail","hentry","category-news"],"_links":{"self":[{"href":"https:\/\/www.agroinnovationlab.com\/de\/wp-json\/wp\/v2\/posts\/2525","targetHints":{"allow":["GET"]}}],"collection":[{"href":"https:\/\/www.agroinnovationlab.com\/de\/wp-json\/wp\/v2\/posts"}],"about":[{"href":"https:\/\/www.agroinnovationlab.com\/de\/wp-json\/wp\/v2\/types\/post"}],"author":[{"embeddable":true,"href":"https:\/\/www.agroinnovationlab.com\/de\/wp-json\/wp\/v2\/users\/3"}],"replies":[{"embeddable":true,"href":"https:\/\/www.agroinnovationlab.com\/de\/wp-json\/wp\/v2\/comments?post=2525"}],"version-history":[{"count":1,"href":"https:\/\/www.agroinnovationlab.com\/de\/wp-json\/wp\/v2\/posts\/2525\/revisions"}],"predecessor-version":[{"id":2528,"href":"https:\/\/www.agroinnovationlab.com\/de\/wp-json\/wp\/v2\/posts\/2525\/revisions\/2528"}],"wp:featuredmedia":[{"embeddable":true,"href":"https:\/\/www.agroinnovationlab.com\/de\/wp-json\/wp\/v2\/media\/2526"}],"wp:attachment":[{"href":"https:\/\/www.agroinnovationlab.com\/de\/wp-json\/wp\/v2\/media?parent=2525"}],"wp:term":[{"taxonomy":"category","embeddable":true,"href":"https:\/\/www.agroinnovationlab.com\/de\/wp-json\/wp\/v2\/categories?post=2525"},{"taxonomy":"post_tag","embeddable":true,"href":"https:\/\/www.agroinnovationlab.com\/de\/wp-json\/wp\/v2\/tags?post=2525"}],"curies":[{"name":"wp","href":"https:\/\/api.w.org\/{rel}","templated":true}]}}